{"id":2080,"date":"2018-02-01T12:29:57","date_gmt":"2018-02-01T11:29:57","guid":{"rendered":"http:\/\/vouzan.fr\/?p=2080"},"modified":"2018-03-27T17:30:40","modified_gmt":"2018-03-27T15:30:40","slug":"conseil-de-developpement-du-grandangouleme","status":"publish","type":"post","link":"https:\/\/vouzan.fr\/index.php\/2018\/02\/01\/conseil-de-developpement-du-grandangouleme\/","title":{"rendered":"Conseil de d\u00e9veloppement du GrandAngoul\u00eame"},"content":{"rendered":"<span itemprop=\"description\"><h1>Conseil de d\u00e9veloppement du GrandAngoul\u00eame<\/h1>\n<p>En 2017, la Communaut\u00e9 d&rsquo;Agglom\u00e9ration de <strong>Grand Angoul\u00eame<\/strong>, par suite de la loi sur la \u00ab\u00a0Nouvelle organisation territoriale de la R\u00e9publique\u00a0\u00bb, est pass\u00e9e de 16 \u00e0 <strong>38 communes<\/strong> apr\u00e8s \u00e9largissement aux territoires des communaut\u00e9s de communes \u00ab\u00a0Braconne et Charente\u00a0\u00bb, \u00ab\u00a0Charente &#8211; Bo\u00ebme &#8211; Charraud\u00a0\u00bb, et \u00ab\u00a0Vall\u00e9e de l&rsquo;Echelle\u00a0\u00bb.<\/p>\n<p>Le <strong>Conseil de d\u00e9veloppement<\/strong> a donc \u00e9t\u00e9 renouvel\u00e9 pour la p\u00e9riode 2017 &#8211; 2020. Il comprend d\u00e9sormais 130 membres, <strong><em>volontaires et b\u00e9n\u00e9voles<\/em><\/strong>, organis\u00e9s en 3 coll\u00e8ges : \u00ab\u00a0<strong>Citoyens<\/strong>\u00ab\u00a0, \u00ab\u00a0<strong>Acteurs<\/strong>\u00a0\u00bb (\u00e9conomiques, sociaux, associatifs\u2026), et \u00ab\u00a0<strong>Assise territoriale<\/strong>\u00a0\u00bb (repr\u00e9sentants-non \u00e9lus- d\u00e9sign\u00e9s par les communes).<\/p>\n<p><!--more-->C\u2019est une instance ind\u00e9pendante de d\u00e9mocratie participative, mise en place par la Communaut\u00e9 d&rsquo;Agglom\u00e9ration, visant \u00e0 accro\u00eetre l&rsquo;implication des citoyens dans la vie publique et dans la prise de d\u00e9cision politique. Cr\u00e9\u00e9 en <strong>1999<\/strong> dans le cadre des \u00ab\u00a0pays\u00a0\u00bb, il est obligatoire depuis <strong>2017<\/strong> dans tous les \u00e9tablissements publics de coop\u00e9ration intercommunale ayant une population sup\u00e9rieure \u00e0 20\u00a0000 habitants. Il a \u00e9t\u00e9 install\u00e9 par GrandAngoul\u00eame d\u00e8s <strong>2002<\/strong>.<\/p>\n<p>&nbsp;<\/p>\n<p>Force de proposition, le Conseil de D\u00e9veloppement apporte dans le d\u00e9bat public, par ses avis sur la construction des politiques publiques locales, la valeur ajout\u00e9e de l&rsquo;expertise citoyenne forg\u00e9e dans le d\u00e9bat collectif. Il r\u00e9pond au d\u00e9sir de nombre de citoyens de pouvoir participer \u00e0 l&rsquo;am\u00e9lioration du territoire et des conditions quotidiennes de vie des habitants.<\/p>\n<p>&nbsp;<\/p>\n<p>Ses travaux portent par exemple sur les mutations \u00e9conomiques, les mobilit\u00e9s, la culture\u2026.<\/p>\n<p>Le Conseil de D\u00e9veloppement a particip\u00e9 \u00e0 l\u2019\u00e9laboration de la charte de la participation citoyenne, approuv\u00e9e par le Conseil Communautaire. Celle-ci pr\u00e9voit la d\u00e9finition, d\u00e8s l&rsquo;\u00e9mergence d&rsquo;un projet, du niveau de participation des usagers, habitants et acteurs de la soci\u00e9t\u00e9 civile, et ouvre la voie au chantier de l&rsquo;\u00e9valuation des politiques publiques<\/p>\n<p>&nbsp;<\/p>\n<p><span style=\"color: #ff0000;\"><strong>La commune de Vouzan, tout comme les autres communes de GrandAngoul\u00eame participe au conseil de d\u00e9veloppement.<\/strong><\/span><\/p>\n<p><span style=\"color: #ff0000;\"><strong>Au cas o\u00f9 vous envisageriez de participer \u00e0 ce conseil de d\u00e9veloppement, vous \u00eates invit\u00e9s \u00e0 prendre contact avec la mairie.<\/strong><\/span><\/p>\n<p>&nbsp;<\/p>\n<p><strong>\u00a0<\/strong><\/p>\n<p><strong>Informations sur le Conseil de d\u00e9veloppement consultables sur le site:<\/strong> <a href=\"http:\/\/www.codevgrandangouleme.fr\/\"><strong><span style=\"color: #0000ff;\">www.codevgrandangouleme.fr<\/span><\/strong><\/a><\/p>\n<span>","protected":false},"excerpt":{"rendered":"<p class=\"excerpt\"><span itemprop=\"description\">Conseil de d\u00e9veloppement du GrandAngoul\u00eame En 2017, la Communaut\u00e9 d&rsquo;Agglom\u00e9ration de Grand Angoul\u00eame, par suite de la loi sur la \u00ab\u00a0Nouvelle organisation territoriale de la R\u00e9publique\u00a0\u00bb, est pass\u00e9e de 16 \u00e0 38 communes apr\u00e8s \u00e9largissement aux territoires des communaut\u00e9s de communes \u00ab\u00a0Braconne et Charente\u00a0\u00bb, \u00ab\u00a0Charente&hellip;<\/span><\/p>\n<p class=\"more-link-p btn-align-center\"><a class=\"turq zoom-btn\" href=\"https:\/\/vouzan.fr\/index.php\/2018\/02\/01\/conseil-de-developpement-du-grandangouleme\/\">Lire la suite&#8230;<\/a><\/p>\n","protected":false},"author":1,"featured_media":0,"comment_status":"closed","ping_status":"open","sticky":false,"template":"","format":"standard","meta":{"_crdt_document":"","footnotes":""},"categories":[1],"tags":[],"class_list":["post-2080","post","type-post","status-publish","format-standard","hentry","category-non-classe","zoom-theme-has-thumb"],"_links":{"self":[{"href":"https:\/\/vouzan.fr\/index.php\/wp-json\/wp\/v2\/posts\/2080","targetHints":{"allow":["GET"]}}],"collection":[{"href":"https:\/\/vouzan.fr\/index.php\/wp-json\/wp\/v2\/posts"}],"about":[{"href":"https:\/\/vouzan.fr\/index.php\/wp-json\/wp\/v2\/types\/post"}],"author":[{"embeddable":true,"href":"https:\/\/vouzan.fr\/index.php\/wp-json\/wp\/v2\/users\/1"}],"replies":[{"embeddable":true,"href":"https:\/\/vouzan.fr\/index.php\/wp-json\/wp\/v2\/comments?post=2080"}],"version-history":[{"count":5,"href":"https:\/\/vouzan.fr\/index.php\/wp-json\/wp\/v2\/posts\/2080\/revisions"}],"predecessor-version":[{"id":2085,"href":"https:\/\/vouzan.fr\/index.php\/wp-json\/wp\/v2\/posts\/2080\/revisions\/2085"}],"wp:attachment":[{"href":"https:\/\/vouzan.fr\/index.php\/wp-json\/wp\/v2\/media?parent=2080"}],"wp:term":[{"taxonomy":"category","embeddable":true,"href":"https:\/\/vouzan.fr\/index.php\/wp-json\/wp\/v2\/categories?post=2080"},{"taxonomy":"post_tag","embeddable":true,"href":"https:\/\/vouzan.fr\/index.php\/wp-json\/wp\/v2\/tags?post=2080"}],"curies":[{"name":"wp","href":"https:\/\/api.w.org\/{rel}","templated":true}]}}