{"id":2286,"date":"2018-04-06T15:27:03","date_gmt":"2018-04-06T13:27:03","guid":{"rendered":"http:\/\/vouzan.fr\/?p=2286"},"modified":"2018-05-20T18:38:28","modified_gmt":"2018-05-20T16:38:28","slug":"udaf","status":"publish","type":"post","link":"https:\/\/vouzan.fr\/index.php\/2018\/04\/06\/udaf\/","title":{"rendered":"UDAF"},"content":{"rendered":"<span itemprop=\"description\"><h3>UDAF<\/h3>\n<p><img loading=\"lazy\" decoding=\"async\" class=\"size-thumbnail wp-image-2287 alignleft\" src=\"http:\/\/vouzan.fr\/wp-content\/uploads\/2018\/04\/Logo-UDAF-150x104.jpg\" alt=\"\" width=\"150\" height=\"104\" \/>Suite au d\u00e9part de Mme Lydie YONNEAU, l&rsquo;UDAF nous informe de l\u2019arriv\u00e9e de M. Patrick CANOVA qui occupe \u00e0 pr\u00e9sent le poste de m\u00e9diateur familial au sein de l\u2019UDAF de la Charente \u00e0 temps complet. Ce dernier assurera l\u2019exercice de ses fonctions dans les m\u00eames conditions que sa coll\u00e8gue.<\/p>\n<p>Pour tout contact :<br \/>\nPar t\u00e9l\u00e9phone : 05 45 39 31 95<br \/>\nPar m\u00e8l : <a href=\"mailto:patrick.canova@udaf16.org\">patrick.canova@udaf16.org<\/a><\/p>\n<p>L\u2019adresse m\u00e8l du service \u00ab M\u00e9diation Familiale \u00bb est : <a href=\"mailto:mediation.familiale@udaf16.org\">mediation.familiale@udaf16.org<\/a><br \/>\nLe secr\u00e9tariat du service est assur\u00e9 par Maril\u00e9na VANCEA les lundi, mardi et mercredi (t\u00e9l : 05 45 39 31 75 \/ m\u00e8l : <a href=\"mailto:marilena.vancea@udaf16.org\">marilena.vancea@udaf16.org<\/a>).<\/p>\n<p>T\u00e9l\u00e9chargez l&rsquo;affiche ici : <a href=\"http:\/\/vouzan.fr\/wp-content\/uploads\/2018\/04\/UDAF-Affiche-2018.pdf\">UDAF &#8211; Affiche 2018<\/a><\/p>\n<span>","protected":false},"excerpt":{"rendered":"<p class=\"excerpt\"><span itemprop=\"description\">UDAF Suite au d\u00e9part de Mme Lydie YONNEAU, l&rsquo;UDAF nous informe de l\u2019arriv\u00e9e de M. Patrick CANOVA qui occupe \u00e0 pr\u00e9sent le poste de m\u00e9diateur familial au sein de l\u2019UDAF de la Charente \u00e0 temps complet. Ce dernier assurera l\u2019exercice de ses fonctions dans les&hellip;<\/span><\/p>\n<p class=\"more-link-p btn-align-center\"><a class=\"turq zoom-btn\" href=\"https:\/\/vouzan.fr\/index.php\/2018\/04\/06\/udaf\/\">Lire la suite&#8230;<\/a><\/p>\n","protected":false},"author":3,"featured_media":2287,"comment_status":"closed","ping_status":"open","sticky":false,"template":"","format":"standard","meta":{"_crdt_document":"","footnotes":""},"categories":[13,1],"tags":[],"class_list":["post-2286","post","type-post","status-publish","format-standard","has-post-thumbnail","hentry","category-informations","category-non-classe","zoom-theme-has-thumb"],"_links":{"self":[{"href":"https:\/\/vouzan.fr\/index.php\/wp-json\/wp\/v2\/posts\/2286","targetHints":{"allow":["GET"]}}],"collection":[{"href":"https:\/\/vouzan.fr\/index.php\/wp-json\/wp\/v2\/posts"}],"about":[{"href":"https:\/\/vouzan.fr\/index.php\/wp-json\/wp\/v2\/types\/post"}],"author":[{"embeddable":true,"href":"https:\/\/vouzan.fr\/index.php\/wp-json\/wp\/v2\/users\/3"}],"replies":[{"embeddable":true,"href":"https:\/\/vouzan.fr\/index.php\/wp-json\/wp\/v2\/comments?post=2286"}],"version-history":[{"count":1,"href":"https:\/\/vouzan.fr\/index.php\/wp-json\/wp\/v2\/posts\/2286\/revisions"}],"predecessor-version":[{"id":2289,"href":"https:\/\/vouzan.fr\/index.php\/wp-json\/wp\/v2\/posts\/2286\/revisions\/2289"}],"wp:featuredmedia":[{"embeddable":true,"href":"https:\/\/vouzan.fr\/index.php\/wp-json\/wp\/v2\/media\/2287"}],"wp:attachment":[{"href":"https:\/\/vouzan.fr\/index.php\/wp-json\/wp\/v2\/media?parent=2286"}],"wp:term":[{"taxonomy":"category","embeddable":true,"href":"https:\/\/vouzan.fr\/index.php\/wp-json\/wp\/v2\/categories?post=2286"},{"taxonomy":"post_tag","embeddable":true,"href":"https:\/\/vouzan.fr\/index.php\/wp-json\/wp\/v2\/tags?post=2286"}],"curies":[{"name":"wp","href":"https:\/\/api.w.org\/{rel}","templated":true}]}}