{"id":2661,"date":"2018-08-21T18:20:30","date_gmt":"2018-08-21T16:20:30","guid":{"rendered":"http:\/\/vouzan.fr\/?p=2661"},"modified":"2018-08-21T18:20:30","modified_gmt":"2018-08-21T16:20:30","slug":"civisme","status":"publish","type":"post","link":"https:\/\/vouzan.fr\/index.php\/2018\/08\/21\/civisme\/","title":{"rendered":"Civisme&#8230;"},"content":{"rendered":"<span itemprop=\"description\"><p>Une nouvelle fois, des ordures ont \u00e9t\u00e9 d\u00e9pos\u00e9es sur la plateforme accueillant les d\u00e9chets v\u00e9g\u00e9taux. Ce terrain mis gratuitement \u00e0 disposition des habitants sur la route de Bouex pour leur \u00e9viter d&rsquo;aller jusqu&rsquo;\u00e0 la d\u00e9chetterie re\u00e7oit UNIQUEMENT des d\u00e9chets v\u00e9g\u00e9taux (tontes, branchages, \u00e9lagages) et permet en retour de r\u00e9cup\u00e9rer du compost. Il est regrettable que certaines personnes y d\u00e9posent leurs ordures.<\/p>\n<p>Outre l&rsquo;image d\u00e9plorable que cela donne de la commune et de ses habitants, ce d\u00e9p\u00f4t sauvage d&rsquo;ordures est puni par la loi (articles R. 632-1, R. 635-8, R. 644-2 et R. 711-1 du Code P\u00e9nal et <a href=\"https:\/\/www.legifrance.gouv.fr\/affichTexte.do?cidTexte=JORFTEXT000030401369&amp;categorieLien=id\" target=\"_blank\" rel=\"noopener\"><strong>D\u00e9cret n\u00b0 2015-337 du 25 mars 2015 relatif \u00e0 l&rsquo;abandon d&rsquo;ordures et autres objets<\/strong><\/a>). La commune poursuivra donc syst\u00e9matiquement les auteurs de tels faits.<\/p>\n<p>Monsieur le Maire n&rsquo;exclue pas de prendre un arr\u00eat\u00e9 de fermeture de cette plateforme si de nouveaux d\u00e9p\u00f4ts devaient \u00e0 nouveau occasionner des frais d&rsquo;enl\u00e8vement et de nettoyage.<\/p>\n<div class=\"n2-td n2-first\">\n<div class=\"n2-has-copy n2-code n2-ss-slider-shortcode-id\"><\/div>\n<\/div>\n<span>","protected":false},"excerpt":{"rendered":"<p class=\"excerpt\"><span itemprop=\"description\">Une nouvelle fois, des ordures ont \u00e9t\u00e9 d\u00e9pos\u00e9es sur la plateforme accueillant les d\u00e9chets v\u00e9g\u00e9taux. Ce terrain mis gratuitement \u00e0 disposition des habitants sur la route de Bouex pour leur \u00e9viter d&rsquo;aller jusqu&rsquo;\u00e0 la d\u00e9chetterie re\u00e7oit UNIQUEMENT des d\u00e9chets v\u00e9g\u00e9taux (tontes, branchages, \u00e9lagages) et permet&hellip;<\/span><\/p>\n<p class=\"more-link-p btn-align-center\"><a class=\"turq zoom-btn\" href=\"https:\/\/vouzan.fr\/index.php\/2018\/08\/21\/civisme\/\">Lire la suite&#8230;<\/a><\/p>\n","protected":false},"author":3,"featured_media":2662,"comment_status":"closed","ping_status":"open","sticky":false,"template":"","format":"standard","meta":{"_crdt_document":"","footnotes":""},"categories":[16,19,1],"tags":[],"class_list":["post-2661","post","type-post","status-publish","format-standard","has-post-thumbnail","hentry","category-mairie","category-securite","category-non-classe","zoom-theme-has-thumb"],"_links":{"self":[{"href":"https:\/\/vouzan.fr\/index.php\/wp-json\/wp\/v2\/posts\/2661","targetHints":{"allow":["GET"]}}],"collection":[{"href":"https:\/\/vouzan.fr\/index.php\/wp-json\/wp\/v2\/posts"}],"about":[{"href":"https:\/\/vouzan.fr\/index.php\/wp-json\/wp\/v2\/types\/post"}],"author":[{"embeddable":true,"href":"https:\/\/vouzan.fr\/index.php\/wp-json\/wp\/v2\/users\/3"}],"replies":[{"embeddable":true,"href":"https:\/\/vouzan.fr\/index.php\/wp-json\/wp\/v2\/comments?post=2661"}],"version-history":[{"count":3,"href":"https:\/\/vouzan.fr\/index.php\/wp-json\/wp\/v2\/posts\/2661\/revisions"}],"predecessor-version":[{"id":2671,"href":"https:\/\/vouzan.fr\/index.php\/wp-json\/wp\/v2\/posts\/2661\/revisions\/2671"}],"wp:featuredmedia":[{"embeddable":true,"href":"https:\/\/vouzan.fr\/index.php\/wp-json\/wp\/v2\/media\/2662"}],"wp:attachment":[{"href":"https:\/\/vouzan.fr\/index.php\/wp-json\/wp\/v2\/media?parent=2661"}],"wp:term":[{"taxonomy":"category","embeddable":true,"href":"https:\/\/vouzan.fr\/index.php\/wp-json\/wp\/v2\/categories?post=2661"},{"taxonomy":"post_tag","embeddable":true,"href":"https:\/\/vouzan.fr\/index.php\/wp-json\/wp\/v2\/tags?post=2661"}],"curies":[{"name":"wp","href":"https:\/\/api.w.org\/{rel}","templated":true}]}}