{"id":2679,"date":"2018-08-24T16:51:48","date_gmt":"2018-08-24T14:51:48","guid":{"rendered":"http:\/\/vouzan.fr\/?p=2679"},"modified":"2018-08-24T16:51:48","modified_gmt":"2018-08-24T14:51:48","slug":"udaf-parlons-bebe","status":"publish","type":"post","link":"https:\/\/vouzan.fr\/index.php\/2018\/08\/24\/udaf-parlons-bebe\/","title":{"rendered":"UDAF : Parlons b\u00e9b\u00e9"},"content":{"rendered":"<span itemprop=\"description\"><p>L&rsquo;UDAF organise des rendez-vous pour les parents et les futurs parents pour s&rsquo;informer et \u00e9changer.<\/p>\n<p>Dates et d\u00e9tails sur <a href=\"http:\/\/vouzan.fr\/wp-content\/uploads\/2018\/08\/Affiche-th\u00e8me-parlons-de-B\u00e9b\u00e9-du-8.-09-au-6.12.2018.pdf\">ce document<\/a>.<\/p>\n<p>Renseignements : UDAF de la Charente, Vanessa GENAIS au 05 45 39 31 87 ou <a href=\"mailto:vanessa.genais@udaf16.org\" target=\"_blank\" rel=\"noopener\">vanessa.genais@udaf16.org<\/a><\/p>\n<p>&nbsp;<\/p>\n<span>","protected":false},"excerpt":{"rendered":"<p class=\"excerpt\"><span itemprop=\"description\">L&rsquo;UDAF organise des rendez-vous pour les parents et les futurs parents pour s&rsquo;informer et \u00e9changer. Dates et d\u00e9tails sur ce document. Renseignements : UDAF de la Charente, Vanessa GENAIS au 05 45 39 31 87 ou vanessa.genais@udaf16.org &nbsp;<\/span><\/p>\n<p class=\"more-link-p btn-align-center\"><a class=\"turq zoom-btn\" href=\"https:\/\/vouzan.fr\/index.php\/2018\/08\/24\/udaf-parlons-bebe\/\">Lire la suite&#8230;<\/a><\/p>\n","protected":false},"author":3,"featured_media":2287,"comment_status":"closed","ping_status":"open","sticky":false,"template":"","format":"standard","meta":{"_crdt_document":"","footnotes":""},"categories":[17,18],"tags":[],"class_list":["post-2679","post","type-post","status-publish","format-standard","has-post-thumbnail","hentry","category-evenements","category-sante","zoom-theme-has-thumb"],"_links":{"self":[{"href":"https:\/\/vouzan.fr\/index.php\/wp-json\/wp\/v2\/posts\/2679","targetHints":{"allow":["GET"]}}],"collection":[{"href":"https:\/\/vouzan.fr\/index.php\/wp-json\/wp\/v2\/posts"}],"about":[{"href":"https:\/\/vouzan.fr\/index.php\/wp-json\/wp\/v2\/types\/post"}],"author":[{"embeddable":true,"href":"https:\/\/vouzan.fr\/index.php\/wp-json\/wp\/v2\/users\/3"}],"replies":[{"embeddable":true,"href":"https:\/\/vouzan.fr\/index.php\/wp-json\/wp\/v2\/comments?post=2679"}],"version-history":[{"count":1,"href":"https:\/\/vouzan.fr\/index.php\/wp-json\/wp\/v2\/posts\/2679\/revisions"}],"predecessor-version":[{"id":2681,"href":"https:\/\/vouzan.fr\/index.php\/wp-json\/wp\/v2\/posts\/2679\/revisions\/2681"}],"wp:featuredmedia":[{"embeddable":true,"href":"https:\/\/vouzan.fr\/index.php\/wp-json\/wp\/v2\/media\/2287"}],"wp:attachment":[{"href":"https:\/\/vouzan.fr\/index.php\/wp-json\/wp\/v2\/media?parent=2679"}],"wp:term":[{"taxonomy":"category","embeddable":true,"href":"https:\/\/vouzan.fr\/index.php\/wp-json\/wp\/v2\/categories?post=2679"},{"taxonomy":"post_tag","embeddable":true,"href":"https:\/\/vouzan.fr\/index.php\/wp-json\/wp\/v2\/tags?post=2679"}],"curies":[{"name":"wp","href":"https:\/\/api.w.org\/{rel}","templated":true}]}}