{"id":2742,"date":"2018-09-26T14:48:18","date_gmt":"2018-09-26T12:48:18","guid":{"rendered":"http:\/\/vouzan.fr\/?p=2742"},"modified":"2018-09-26T14:48:18","modified_gmt":"2018-09-26T12:48:18","slug":"vigilance-peste-porcine-africaine","status":"publish","type":"post","link":"https:\/\/vouzan.fr\/index.php\/2018\/09\/26\/vigilance-peste-porcine-africaine\/","title":{"rendered":"Vigilance Peste Porcine Africaine"},"content":{"rendered":"<span itemprop=\"description\"><p>La Direction D\u00e9partementale de la Coh\u00e9sion Sociale et de la Protection des Populations de la Charente invite les les propri\u00e9taires professionnels ou non de porcs et sangliers \u00e0 la vigilance face \u00e0 la propagation de la PPA (Peste Porcine Africaine).<\/p>\n<p>Plus d&rsquo;informations dans les documents ci-dessous ou aupr\u00e8s de la Direction D\u00e9partementale de la Coh\u00e9sion Sociale et de la Protection des Populations de la Charente :<br \/>\nCit\u00e9 administrative, 4, rue Raymond Poincar\u00e9, B\u00e2timent A &#8211; BP 71016<br \/>\n16001 ANGOULEME cedex<br \/>\nT\u00e9l : 05.45.97.61.00<br \/>\n<a href=\"mailto:ddcspp@charente.gouv.fr\">ddcspp@charente.gouv.fr<\/a><\/p>\n<p><a href=\"http:\/\/vouzan.fr\/wp-content\/uploads\/2018\/09\/PPA_ANSP_D\u00e9clarationPetitsDetenteurs.pdf\">PPA_ANSP_D\u00e9clarationPetitsDetenteurs<\/a> <img loading=\"lazy\" decoding=\"async\" class=\"alignnone size-medium wp-image-2744\" src=\"http:\/\/vouzan.fr\/wp-content\/uploads\/2018\/09\/PPA_vigilance_DICOM-300x250.jpg\" alt=\"\" width=\"300\" height=\"250\" srcset=\"https:\/\/vouzan.fr\/wp-content\/uploads\/2018\/09\/PPA_vigilance_DICOM-300x250.jpg 300w, https:\/\/vouzan.fr\/wp-content\/uploads\/2018\/09\/PPA_vigilance_DICOM-768x640.jpg 768w, https:\/\/vouzan.fr\/wp-content\/uploads\/2018\/09\/PPA_vigilance_DICOM-1024x853.jpg 1024w, https:\/\/vouzan.fr\/wp-content\/uploads\/2018\/09\/PPA_vigilance_DICOM-1200x1000.jpg 1200w, https:\/\/vouzan.fr\/wp-content\/uploads\/2018\/09\/PPA_vigilance_DICOM-1320x1100.jpg 1320w\" sizes=\"auto, (max-width: 300px) 100vw, 300px\" \/><\/p>\n<span>","protected":false},"excerpt":{"rendered":"<p class=\"excerpt\"><span itemprop=\"description\">La Direction D\u00e9partementale de la Coh\u00e9sion Sociale et de la Protection des Populations de la Charente invite les les propri\u00e9taires professionnels ou non de porcs et sangliers \u00e0 la vigilance face \u00e0 la propagation de la PPA (Peste Porcine Africaine). Plus d&rsquo;informations dans les documents&hellip;<\/span><\/p>\n<p class=\"more-link-p btn-align-center\"><a class=\"turq zoom-btn\" href=\"https:\/\/vouzan.fr\/index.php\/2018\/09\/26\/vigilance-peste-porcine-africaine\/\">Lire la suite&#8230;<\/a><\/p>\n","protected":false},"author":3,"featured_media":2745,"comment_status":"closed","ping_status":"open","sticky":false,"template":"","format":"standard","meta":{"_crdt_document":"","footnotes":""},"categories":[13,18],"tags":[],"class_list":["post-2742","post","type-post","status-publish","format-standard","has-post-thumbnail","hentry","category-informations","category-sante","zoom-theme-has-thumb"],"_links":{"self":[{"href":"https:\/\/vouzan.fr\/index.php\/wp-json\/wp\/v2\/posts\/2742","targetHints":{"allow":["GET"]}}],"collection":[{"href":"https:\/\/vouzan.fr\/index.php\/wp-json\/wp\/v2\/posts"}],"about":[{"href":"https:\/\/vouzan.fr\/index.php\/wp-json\/wp\/v2\/types\/post"}],"author":[{"embeddable":true,"href":"https:\/\/vouzan.fr\/index.php\/wp-json\/wp\/v2\/users\/3"}],"replies":[{"embeddable":true,"href":"https:\/\/vouzan.fr\/index.php\/wp-json\/wp\/v2\/comments?post=2742"}],"version-history":[{"count":1,"href":"https:\/\/vouzan.fr\/index.php\/wp-json\/wp\/v2\/posts\/2742\/revisions"}],"predecessor-version":[{"id":2746,"href":"https:\/\/vouzan.fr\/index.php\/wp-json\/wp\/v2\/posts\/2742\/revisions\/2746"}],"wp:featuredmedia":[{"embeddable":true,"href":"https:\/\/vouzan.fr\/index.php\/wp-json\/wp\/v2\/media\/2745"}],"wp:attachment":[{"href":"https:\/\/vouzan.fr\/index.php\/wp-json\/wp\/v2\/media?parent=2742"}],"wp:term":[{"taxonomy":"category","embeddable":true,"href":"https:\/\/vouzan.fr\/index.php\/wp-json\/wp\/v2\/categories?post=2742"},{"taxonomy":"post_tag","embeddable":true,"href":"https:\/\/vouzan.fr\/index.php\/wp-json\/wp\/v2\/tags?post=2742"}],"curies":[{"name":"wp","href":"https:\/\/api.w.org\/{rel}","templated":true}]}}