{"id":3251,"date":"2019-11-17T20:14:13","date_gmt":"2019-11-17T19:14:13","guid":{"rendered":"http:\/\/vouzan.fr\/?p=3251"},"modified":"2019-11-17T20:15:14","modified_gmt":"2019-11-17T19:15:14","slug":"le-point-de-depart","status":"publish","type":"post","link":"https:\/\/vouzan.fr\/index.php\/2019\/11\/17\/le-point-de-depart\/","title":{"rendered":"Le point de d\u00e9part"},"content":{"rendered":"<span itemprop=\"description\"><p>Vouzan accueille une nouvelle association : Le point de d\u00e9part.<\/p>\n<blockquote><p><em>Une invitation au voyage&#8230; \u00ab Tr\u00e8s curieux, tr\u00e8s curieux ! se disait Passepartout en revenant \u00e0 bord. Je m\u2019aper\u00e7ois qu\u2019il n\u2019est pas inutile de voyager, si l\u2019on veut voir du nouveau. \u00bb<\/em><br \/>\n<em>Le tour du monde en quatre-vingts jours<\/em><br \/>\n<em>Jules Verne<\/em><\/p><\/blockquote>\n<p><img loading=\"lazy\" decoding=\"async\" class=\"alignleft wp-image-3249 size-thumbnail\" src=\"http:\/\/vouzan.fr\/wp-content\/uploads\/2019\/11\/Logo-association-le-point-de-d\u00e9part-150x150.png\" alt=\"\" width=\"150\" height=\"150\" srcset=\"https:\/\/vouzan.fr\/wp-content\/uploads\/2019\/11\/Logo-association-le-point-de-d\u00e9part-150x150.png 150w, https:\/\/vouzan.fr\/wp-content\/uploads\/2019\/11\/Logo-association-le-point-de-d\u00e9part-200x200.png 200w, https:\/\/vouzan.fr\/wp-content\/uploads\/2019\/11\/Logo-association-le-point-de-d\u00e9part-320x320.png 320w\" sizes=\"auto, (max-width: 150px) 100vw, 150px\" \/>Le point de d\u00e9part a pour but de promouvoir et de partager artisanat et cultures du monde en organisant :<\/p>\n<ul>\n<li>\u00e9v\u00e9nements, expos photos<\/li>\n<li>ventes d\u2019artisanat<\/li>\n<li>partage, suivis de voyages<\/li>\n<\/ul>\n<p>Association le point de d\u00e9part, Vouzan (16), \u00c9ole Saumon, C\u00e9line Lacroix, <a href=\"mailto:le.dedepart@gmail.com\">le.dedepart@gmail.com<\/a><\/p>\n<p><a href=\"http:\/\/vouzan.fr\/wp-content\/uploads\/2019\/11\/affiche-3.pdf\">Cliquez ici pour t\u00e9l\u00e9charger l&rsquo;affiche<\/a><\/p>\n<span>","protected":false},"excerpt":{"rendered":"<p class=\"excerpt\"><span itemprop=\"description\">Vouzan accueille une nouvelle association : Le point de d\u00e9part. Une invitation au voyage&#8230; \u00ab Tr\u00e8s curieux, tr\u00e8s curieux ! se disait Passepartout en revenant \u00e0 bord. Je m\u2019aper\u00e7ois qu\u2019il n\u2019est pas inutile de voyager, si l\u2019on veut voir du nouveau. \u00bb Le tour du&hellip;<\/span><\/p>\n<p class=\"more-link-p btn-align-center\"><a class=\"turq zoom-btn\" href=\"https:\/\/vouzan.fr\/index.php\/2019\/11\/17\/le-point-de-depart\/\">Lire la suite&#8230;<\/a><\/p>\n","protected":false},"author":3,"featured_media":3249,"comment_status":"closed","ping_status":"open","sticky":false,"template":"","format":"standard","meta":{"_crdt_document":"","footnotes":""},"categories":[15],"tags":[],"class_list":["post-3251","post","type-post","status-publish","format-standard","has-post-thumbnail","hentry","category-associations","zoom-theme-has-thumb"],"_links":{"self":[{"href":"https:\/\/vouzan.fr\/index.php\/wp-json\/wp\/v2\/posts\/3251","targetHints":{"allow":["GET"]}}],"collection":[{"href":"https:\/\/vouzan.fr\/index.php\/wp-json\/wp\/v2\/posts"}],"about":[{"href":"https:\/\/vouzan.fr\/index.php\/wp-json\/wp\/v2\/types\/post"}],"author":[{"embeddable":true,"href":"https:\/\/vouzan.fr\/index.php\/wp-json\/wp\/v2\/users\/3"}],"replies":[{"embeddable":true,"href":"https:\/\/vouzan.fr\/index.php\/wp-json\/wp\/v2\/comments?post=3251"}],"version-history":[{"count":4,"href":"https:\/\/vouzan.fr\/index.php\/wp-json\/wp\/v2\/posts\/3251\/revisions"}],"predecessor-version":[{"id":3255,"href":"https:\/\/vouzan.fr\/index.php\/wp-json\/wp\/v2\/posts\/3251\/revisions\/3255"}],"wp:featuredmedia":[{"embeddable":true,"href":"https:\/\/vouzan.fr\/index.php\/wp-json\/wp\/v2\/media\/3249"}],"wp:attachment":[{"href":"https:\/\/vouzan.fr\/index.php\/wp-json\/wp\/v2\/media?parent=3251"}],"wp:term":[{"taxonomy":"category","embeddable":true,"href":"https:\/\/vouzan.fr\/index.php\/wp-json\/wp\/v2\/categories?post=3251"},{"taxonomy":"post_tag","embeddable":true,"href":"https:\/\/vouzan.fr\/index.php\/wp-json\/wp\/v2\/tags?post=3251"}],"curies":[{"name":"wp","href":"https:\/\/api.w.org\/{rel}","templated":true}]}}